{"id":1314,"date":"2024-07-19T12:23:50","date_gmt":"2024-07-19T15:23:50","guid":{"rendered":"https:\/\/www.argentinaase.org\/?p=1314"},"modified":"2024-07-19T12:25:35","modified_gmt":"2024-07-19T15:25:35","slug":"el-equipo-de-la-fundacion-se-capacita-en-herramientas-para-la-conservacion-ambiental","status":"publish","type":"post","link":"https:\/\/www.argentinaase.org\/pt\/el-equipo-de-la-fundacion-se-capacita-en-herramientas-para-la-conservacion-ambiental\/","title":{"rendered":"El equipo de la fundaci\u00f3n se capacita en herramientas para la conservaci\u00f3n ambiental"},"content":{"rendered":"<p>El equipo de la Fundaci\u00f3n Argentina ASE se capacita en herramientas y estrategias clave para la preservaci\u00f3n del entorno natural: sistemas de monitoreo, avances metodol\u00f3gicos en la estimaci\u00f3n de servicios ecosist\u00e9micos y estrategias de conservaci\u00f3n. El programa es dictado por la Universidad del Rosario de Colombia en formato a distancia.<\/p>\n<p>Entre los temas abordados se encuentran avances metodol\u00f3gicos en la estimaci\u00f3n de servicios ecosist\u00e9micos, impulsores de la deforestaci\u00f3n y el impacto del cambio clim\u00e1tico en la biodiversidad, abordaje multidimensional de los efectos de la deforestaci\u00f3n en los seres humanos y los ecosistemas, tipolog\u00eda de estrategias de conservaci\u00f3n, monitoreo y estrategias de conservaci\u00f3n.<\/p>","protected":false},"excerpt":{"rendered":"<p>El equipo de la Fundaci\u00f3n Argentina ASE se capacita en [&hellip;]<\/p>","protected":false},"author":1,"featured_media":1317,"comment_status":"open","ping_status":"open","sticky":false,"template":"","format":"standard","meta":{"footnotes":""},"categories":[8],"tags":[],"class_list":["post-1314","post","type-post","status-publish","format-standard","has-post-thumbnail","hentry","category-nuestra-agenda"],"yoast_head":"<!-- This site is optimized with the Yoast SEO plugin v22.4 - https:\/\/yoast.com\/wordpress\/plugins\/seo\/ -->\n<title>El equipo de la fundaci\u00f3n se capacita en herramientas para la conservaci\u00f3n ambiental &#183; Fundaci\u00f3n Argentina ASE<\/title>\n<meta name=\"description\" content=\"El equipo de la Fundaci\u00f3n Argentina ASE se capacita en herramientas y estrategias clave para la preservaci\u00f3n del entorno natural: sistemas de monitoreo, avances metodol\u00f3gicos en la estimaci\u00f3n de servicios ecosist\u00e9micos y estrategias de conservaci\u00f3n. El programa es dictado por la Universidad del Rosario de Colombia en formato a distancia.\" \/>\n<meta name=\"robots\" content=\"index, follow, max-snippet:-1, max-image-preview:large, max-video-preview:-1\" \/>\n<link rel=\"canonical\" href=\"https:\/\/www.argentinaase.org\/pt\/el-equipo-de-la-fundacion-se-capacita-en-herramientas-para-la-conservacion-ambiental\/\" \/>\n<meta property=\"og:locale\" content=\"pt_BR\" \/>\n<meta property=\"og:type\" content=\"article\" \/>\n<meta property=\"og:title\" content=\"El equipo de la fundaci\u00f3n se capacita en herramientas para la conservaci\u00f3n ambiental &#183; Fundaci\u00f3n Argentina ASE\" \/>\n<meta property=\"og:description\" content=\"El equipo de la Fundaci\u00f3n Argentina ASE se capacita en herramientas y estrategias clave para la preservaci\u00f3n del entorno natural: sistemas de monitoreo, avances metodol\u00f3gicos en la estimaci\u00f3n de servicios ecosist\u00e9micos y estrategias de conservaci\u00f3n. El programa es dictado por la Universidad del Rosario de Colombia en formato a distancia.\" \/>\n<meta property=\"og:url\" content=\"https:\/\/www.argentinaase.org\/pt\/el-equipo-de-la-fundacion-se-capacita-en-herramientas-para-la-conservacion-ambiental\/\" \/>\n<meta property=\"og:site_name\" content=\"Fundaci\u00f3n Argentina ASE\" \/>\n<meta property=\"article:publisher\" content=\"https:\/\/www.facebook.com\/ArgentinaASE\" \/>\n<meta property=\"article:published_time\" content=\"2024-07-19T15:23:50+00:00\" \/>\n<meta property=\"article:modified_time\" content=\"2024-07-19T15:25:35+00:00\" \/>\n<meta property=\"og:image\" content=\"https:\/\/www.argentinaase.org\/wp-content\/uploads\/2024\/07\/iStock-1277917694-1.jpg\" \/>\n\t<meta property=\"og:image:width\" content=\"724\" \/>\n\t<meta property=\"og:image:height\" content=\"483\" \/>\n\t<meta property=\"og:image:type\" content=\"image\/jpeg\" \/>\n<meta name=\"author\" content=\"aseargentina\" \/>\n<meta name=\"twitter:card\" content=\"summary_large_image\" \/>\n<meta name=\"twitter:creator\" content=\"@argentinaase\" \/>\n<meta name=\"twitter:site\" content=\"@argentinaase\" \/>\n<meta name=\"twitter:label1\" content=\"Escrito por\" \/>\n\t<meta name=\"twitter:data1\" content=\"aseargentina\" \/>\n\t<meta name=\"twitter:label2\" content=\"Est. tempo de leitura\" \/>\n\t<meta name=\"twitter:data2\" content=\"1 minuto\" \/>\n<script type=\"application\/ld+json\" class=\"yoast-schema-graph\">{\"@context\":\"https:\/\/schema.org\",\"@graph\":[{\"@type\":\"Article\",\"@id\":\"https:\/\/www.argentinaase.org\/el-equipo-de-la-fundacion-se-capacita-en-herramientas-para-la-conservacion-ambiental\/#article\",\"isPartOf\":{\"@id\":\"https:\/\/www.argentinaase.org\/el-equipo-de-la-fundacion-se-capacita-en-herramientas-para-la-conservacion-ambiental\/\"},\"author\":{\"name\":\"aseargentina\",\"@id\":\"https:\/\/www.argentinaase.org\/#\/schema\/person\/cbda0a43b040d943892c4c75f4dbeb2e\"},\"headline\":\"El equipo de la fundaci\u00f3n se capacita en herramientas para la conservaci\u00f3n ambiental\",\"datePublished\":\"2024-07-19T15:23:50+00:00\",\"dateModified\":\"2024-07-19T15:25:35+00:00\",\"mainEntityOfPage\":{\"@id\":\"https:\/\/www.argentinaase.org\/el-equipo-de-la-fundacion-se-capacita-en-herramientas-para-la-conservacion-ambiental\/\"},\"wordCount\":132,\"commentCount\":0,\"publisher\":{\"@id\":\"https:\/\/www.argentinaase.org\/#organization\"},\"image\":{\"@id\":\"https:\/\/www.argentinaase.org\/el-equipo-de-la-fundacion-se-capacita-en-herramientas-para-la-conservacion-ambiental\/#primaryimage\"},\"thumbnailUrl\":\"https:\/\/www.argentinaase.org\/wp-content\/uploads\/2024\/07\/iStock-1277917694-1.jpg\",\"articleSection\":[\"Nuestra agenda\"],\"inLanguage\":\"pt-BR\",\"potentialAction\":[{\"@type\":\"CommentAction\",\"name\":\"Comment\",\"target\":[\"https:\/\/www.argentinaase.org\/el-equipo-de-la-fundacion-se-capacita-en-herramientas-para-la-conservacion-ambiental\/#respond\"]}]},{\"@type\":\"WebPage\",\"@id\":\"https:\/\/www.argentinaase.org\/el-equipo-de-la-fundacion-se-capacita-en-herramientas-para-la-conservacion-ambiental\/\",\"url\":\"https:\/\/www.argentinaase.org\/el-equipo-de-la-fundacion-se-capacita-en-herramientas-para-la-conservacion-ambiental\/\",\"name\":\"El equipo de la fundaci\u00f3n se capacita en herramientas para la conservaci\u00f3n ambiental &#183; Fundaci\u00f3n Argentina ASE\",\"isPartOf\":{\"@id\":\"https:\/\/www.argentinaase.org\/#website\"},\"primaryImageOfPage\":{\"@id\":\"https:\/\/www.argentinaase.org\/el-equipo-de-la-fundacion-se-capacita-en-herramientas-para-la-conservacion-ambiental\/#primaryimage\"},\"image\":{\"@id\":\"https:\/\/www.argentinaase.org\/el-equipo-de-la-fundacion-se-capacita-en-herramientas-para-la-conservacion-ambiental\/#primaryimage\"},\"thumbnailUrl\":\"https:\/\/www.argentinaase.org\/wp-content\/uploads\/2024\/07\/iStock-1277917694-1.jpg\",\"datePublished\":\"2024-07-19T15:23:50+00:00\",\"dateModified\":\"2024-07-19T15:25:35+00:00\",\"description\":\"El equipo de la Fundaci\u00f3n Argentina ASE se capacita en herramientas y estrategias clave para la preservaci\u00f3n del entorno natural: sistemas de monitoreo, avances metodol\u00f3gicos en la estimaci\u00f3n de servicios ecosist\u00e9micos y estrategias de conservaci\u00f3n. El programa es dictado por la Universidad del Rosario de Colombia en formato a distancia.\",\"breadcrumb\":{\"@id\":\"https:\/\/www.argentinaase.org\/el-equipo-de-la-fundacion-se-capacita-en-herramientas-para-la-conservacion-ambiental\/#breadcrumb\"},\"inLanguage\":\"pt-BR\",\"potentialAction\":[{\"@type\":\"ReadAction\",\"target\":[\"https:\/\/www.argentinaase.org\/el-equipo-de-la-fundacion-se-capacita-en-herramientas-para-la-conservacion-ambiental\/\"]}]},{\"@type\":\"ImageObject\",\"inLanguage\":\"pt-BR\",\"@id\":\"https:\/\/www.argentinaase.org\/el-equipo-de-la-fundacion-se-capacita-en-herramientas-para-la-conservacion-ambiental\/#primaryimage\",\"url\":\"https:\/\/www.argentinaase.org\/wp-content\/uploads\/2024\/07\/iStock-1277917694-1.jpg\",\"contentUrl\":\"https:\/\/www.argentinaase.org\/wp-content\/uploads\/2024\/07\/iStock-1277917694-1.jpg\",\"width\":724,\"height\":483,\"caption\":\"Rear view of female employee at home talk on team video call on laptop, engaged in group online meeting or briefing. Woman worker have webcam digital virtual conference with diverse colleagues on web.\"},{\"@type\":\"BreadcrumbList\",\"@id\":\"https:\/\/www.argentinaase.org\/el-equipo-de-la-fundacion-se-capacita-en-herramientas-para-la-conservacion-ambiental\/#breadcrumb\",\"itemListElement\":[{\"@type\":\"ListItem\",\"position\":1,\"name\":\"Inicio\",\"item\":\"https:\/\/www.argentinaase.org\/\"},{\"@type\":\"ListItem\",\"position\":2,\"name\":\"El equipo de la fundaci\u00f3n se capacita en herramientas para la conservaci\u00f3n ambiental\"}]},{\"@type\":\"WebSite\",\"@id\":\"https:\/\/www.argentinaase.org\/#website\",\"url\":\"https:\/\/www.argentinaase.org\/\",\"name\":\"Fundaci\u00f3n Argentina ASE\",\"description\":\"\",\"publisher\":{\"@id\":\"https:\/\/www.argentinaase.org\/#organization\"},\"potentialAction\":[{\"@type\":\"SearchAction\",\"target\":{\"@type\":\"EntryPoint\",\"urlTemplate\":\"https:\/\/www.argentinaase.org\/?s={search_term_string}\"},\"query-input\":\"required name=search_term_string\"}],\"inLanguage\":\"pt-BR\"},{\"@type\":\"Organization\",\"@id\":\"https:\/\/www.argentinaase.org\/#organization\",\"name\":\"Fundaci\u00f3n Argentina ASE\",\"url\":\"https:\/\/www.argentinaase.org\/\",\"logo\":{\"@type\":\"ImageObject\",\"inLanguage\":\"pt-BR\",\"@id\":\"https:\/\/www.argentinaase.org\/#\/schema\/logo\/image\/\",\"url\":\"https:\/\/www.argentinaase.org\/wp-content\/uploads\/2024\/04\/ASE_Logo-02-scaled.jpg\",\"contentUrl\":\"https:\/\/www.argentinaase.org\/wp-content\/uploads\/2024\/04\/ASE_Logo-02-scaled.jpg\",\"width\":2560,\"height\":1280,\"caption\":\"Fundaci\u00f3n Argentina ASE\"},\"image\":{\"@id\":\"https:\/\/www.argentinaase.org\/#\/schema\/logo\/image\/\"},\"sameAs\":[\"https:\/\/www.facebook.com\/ArgentinaASE\",\"https:\/\/twitter.com\/argentinaase\",\"https:\/\/www.instagram.com\/argentinaase\/\",\"https:\/\/www.linkedin.com\/company\/52172641\/\"]},{\"@type\":\"Person\",\"@id\":\"https:\/\/www.argentinaase.org\/#\/schema\/person\/cbda0a43b040d943892c4c75f4dbeb2e\",\"name\":\"aseargentina\",\"image\":{\"@type\":\"ImageObject\",\"inLanguage\":\"pt-BR\",\"@id\":\"https:\/\/www.argentinaase.org\/#\/schema\/person\/image\/\",\"url\":\"https:\/\/secure.gravatar.com\/avatar\/8c847226af3602ab809bbcff472aa08dd2f6cad3bb9641e74bf964f64fc59669?s=96&d=mm&r=g\",\"contentUrl\":\"https:\/\/secure.gravatar.com\/avatar\/8c847226af3602ab809bbcff472aa08dd2f6cad3bb9641e74bf964f64fc59669?s=96&d=mm&r=g\",\"caption\":\"aseargentina\"},\"sameAs\":[\"https:\/\/www.argentinaase.org\"],\"url\":\"https:\/\/www.argentinaase.org\/pt\/author\/aseargentina\/\"}]}<\/script>\n<!-- \/ Yoast SEO plugin. -->","yoast_head_json":{"title":"El equipo de la fundaci\u00f3n se capacita en herramientas para la conservaci\u00f3n ambiental &#183; Fundaci\u00f3n Argentina ASE","description":"El equipo de la Fundaci\u00f3n Argentina ASE se capacita en herramientas y estrategias clave para la preservaci\u00f3n del entorno natural: sistemas de monitoreo, avances metodol\u00f3gicos en la estimaci\u00f3n de servicios ecosist\u00e9micos y estrategias de conservaci\u00f3n. El programa es dictado por la Universidad del Rosario de Colombia en formato a distancia.","robots":{"index":"index","follow":"follow","max-snippet":"max-snippet:-1","max-image-preview":"max-image-preview:large","max-video-preview":"max-video-preview:-1"},"canonical":"https:\/\/www.argentinaase.org\/pt\/el-equipo-de-la-fundacion-se-capacita-en-herramientas-para-la-conservacion-ambiental\/","og_locale":"pt_BR","og_type":"article","og_title":"El equipo de la fundaci\u00f3n se capacita en herramientas para la conservaci\u00f3n ambiental &#183; Fundaci\u00f3n Argentina ASE","og_description":"El equipo de la Fundaci\u00f3n Argentina ASE se capacita en herramientas y estrategias clave para la preservaci\u00f3n del entorno natural: sistemas de monitoreo, avances metodol\u00f3gicos en la estimaci\u00f3n de servicios ecosist\u00e9micos y estrategias de conservaci\u00f3n. El programa es dictado por la Universidad del Rosario de Colombia en formato a distancia.","og_url":"https:\/\/www.argentinaase.org\/pt\/el-equipo-de-la-fundacion-se-capacita-en-herramientas-para-la-conservacion-ambiental\/","og_site_name":"Fundaci\u00f3n Argentina ASE","article_publisher":"https:\/\/www.facebook.com\/ArgentinaASE","article_published_time":"2024-07-19T15:23:50+00:00","article_modified_time":"2024-07-19T15:25:35+00:00","og_image":[{"width":724,"height":483,"url":"https:\/\/www.argentinaase.org\/wp-content\/uploads\/2024\/07\/iStock-1277917694-1.jpg","type":"image\/jpeg"}],"author":"aseargentina","twitter_card":"summary_large_image","twitter_creator":"@argentinaase","twitter_site":"@argentinaase","twitter_misc":{"Escrito por":"aseargentina","Est. tempo de leitura":"1 minuto"},"schema":{"@context":"https:\/\/schema.org","@graph":[{"@type":"Article","@id":"https:\/\/www.argentinaase.org\/el-equipo-de-la-fundacion-se-capacita-en-herramientas-para-la-conservacion-ambiental\/#article","isPartOf":{"@id":"https:\/\/www.argentinaase.org\/el-equipo-de-la-fundacion-se-capacita-en-herramientas-para-la-conservacion-ambiental\/"},"author":{"name":"aseargentina","@id":"https:\/\/www.argentinaase.org\/#\/schema\/person\/cbda0a43b040d943892c4c75f4dbeb2e"},"headline":"El equipo de la fundaci\u00f3n se capacita en herramientas para la conservaci\u00f3n ambiental","datePublished":"2024-07-19T15:23:50+00:00","dateModified":"2024-07-19T15:25:35+00:00","mainEntityOfPage":{"@id":"https:\/\/www.argentinaase.org\/el-equipo-de-la-fundacion-se-capacita-en-herramientas-para-la-conservacion-ambiental\/"},"wordCount":132,"commentCount":0,"publisher":{"@id":"https:\/\/www.argentinaase.org\/#organization"},"image":{"@id":"https:\/\/www.argentinaase.org\/el-equipo-de-la-fundacion-se-capacita-en-herramientas-para-la-conservacion-ambiental\/#primaryimage"},"thumbnailUrl":"https:\/\/www.argentinaase.org\/wp-content\/uploads\/2024\/07\/iStock-1277917694-1.jpg","articleSection":["Nuestra agenda"],"inLanguage":"pt-BR","potentialAction":[{"@type":"CommentAction","name":"Comment","target":["https:\/\/www.argentinaase.org\/el-equipo-de-la-fundacion-se-capacita-en-herramientas-para-la-conservacion-ambiental\/#respond"]}]},{"@type":"WebPage","@id":"https:\/\/www.argentinaase.org\/el-equipo-de-la-fundacion-se-capacita-en-herramientas-para-la-conservacion-ambiental\/","url":"https:\/\/www.argentinaase.org\/el-equipo-de-la-fundacion-se-capacita-en-herramientas-para-la-conservacion-ambiental\/","name":"El equipo de la fundaci\u00f3n se capacita en herramientas para la conservaci\u00f3n ambiental &#183; Fundaci\u00f3n Argentina ASE","isPartOf":{"@id":"https:\/\/www.argentinaase.org\/#website"},"primaryImageOfPage":{"@id":"https:\/\/www.argentinaase.org\/el-equipo-de-la-fundacion-se-capacita-en-herramientas-para-la-conservacion-ambiental\/#primaryimage"},"image":{"@id":"https:\/\/www.argentinaase.org\/el-equipo-de-la-fundacion-se-capacita-en-herramientas-para-la-conservacion-ambiental\/#primaryimage"},"thumbnailUrl":"https:\/\/www.argentinaase.org\/wp-content\/uploads\/2024\/07\/iStock-1277917694-1.jpg","datePublished":"2024-07-19T15:23:50+00:00","dateModified":"2024-07-19T15:25:35+00:00","description":"El equipo de la Fundaci\u00f3n Argentina ASE se capacita en herramientas y estrategias clave para la preservaci\u00f3n del entorno natural: sistemas de monitoreo, avances metodol\u00f3gicos en la estimaci\u00f3n de servicios ecosist\u00e9micos y estrategias de conservaci\u00f3n. El programa es dictado por la Universidad del Rosario de Colombia en formato a distancia.","breadcrumb":{"@id":"https:\/\/www.argentinaase.org\/el-equipo-de-la-fundacion-se-capacita-en-herramientas-para-la-conservacion-ambiental\/#breadcrumb"},"inLanguage":"pt-BR","potentialAction":[{"@type":"ReadAction","target":["https:\/\/www.argentinaase.org\/el-equipo-de-la-fundacion-se-capacita-en-herramientas-para-la-conservacion-ambiental\/"]}]},{"@type":"ImageObject","inLanguage":"pt-BR","@id":"https:\/\/www.argentinaase.org\/el-equipo-de-la-fundacion-se-capacita-en-herramientas-para-la-conservacion-ambiental\/#primaryimage","url":"https:\/\/www.argentinaase.org\/wp-content\/uploads\/2024\/07\/iStock-1277917694-1.jpg","contentUrl":"https:\/\/www.argentinaase.org\/wp-content\/uploads\/2024\/07\/iStock-1277917694-1.jpg","width":724,"height":483,"caption":"Rear view of female employee at home talk on team video call on laptop, engaged in group online meeting or briefing. Woman worker have webcam digital virtual conference with diverse colleagues on web."},{"@type":"BreadcrumbList","@id":"https:\/\/www.argentinaase.org\/el-equipo-de-la-fundacion-se-capacita-en-herramientas-para-la-conservacion-ambiental\/#breadcrumb","itemListElement":[{"@type":"ListItem","position":1,"name":"Inicio","item":"https:\/\/www.argentinaase.org\/"},{"@type":"ListItem","position":2,"name":"El equipo de la fundaci\u00f3n se capacita en herramientas para la conservaci\u00f3n ambiental"}]},{"@type":"WebSite","@id":"https:\/\/www.argentinaase.org\/#website","url":"https:\/\/www.argentinaase.org\/","name":"Fundaci\u00f3n Argentina ASE","description":"","publisher":{"@id":"https:\/\/www.argentinaase.org\/#organization"},"potentialAction":[{"@type":"SearchAction","target":{"@type":"EntryPoint","urlTemplate":"https:\/\/www.argentinaase.org\/?s={search_term_string}"},"query-input":"required name=search_term_string"}],"inLanguage":"pt-BR"},{"@type":"Organization","@id":"https:\/\/www.argentinaase.org\/#organization","name":"Fundaci\u00f3n Argentina ASE","url":"https:\/\/www.argentinaase.org\/","logo":{"@type":"ImageObject","inLanguage":"pt-BR","@id":"https:\/\/www.argentinaase.org\/#\/schema\/logo\/image\/","url":"https:\/\/www.argentinaase.org\/wp-content\/uploads\/2024\/04\/ASE_Logo-02-scaled.jpg","contentUrl":"https:\/\/www.argentinaase.org\/wp-content\/uploads\/2024\/04\/ASE_Logo-02-scaled.jpg","width":2560,"height":1280,"caption":"Fundaci\u00f3n Argentina ASE"},"image":{"@id":"https:\/\/www.argentinaase.org\/#\/schema\/logo\/image\/"},"sameAs":["https:\/\/www.facebook.com\/ArgentinaASE","https:\/\/twitter.com\/argentinaase","https:\/\/www.instagram.com\/argentinaase\/","https:\/\/www.linkedin.com\/company\/52172641\/"]},{"@type":"Person","@id":"https:\/\/www.argentinaase.org\/#\/schema\/person\/cbda0a43b040d943892c4c75f4dbeb2e","name":"aseargentina","image":{"@type":"ImageObject","inLanguage":"pt-BR","@id":"https:\/\/www.argentinaase.org\/#\/schema\/person\/image\/","url":"https:\/\/secure.gravatar.com\/avatar\/8c847226af3602ab809bbcff472aa08dd2f6cad3bb9641e74bf964f64fc59669?s=96&d=mm&r=g","contentUrl":"https:\/\/secure.gravatar.com\/avatar\/8c847226af3602ab809bbcff472aa08dd2f6cad3bb9641e74bf964f64fc59669?s=96&d=mm&r=g","caption":"aseargentina"},"sameAs":["https:\/\/www.argentinaase.org"],"url":"https:\/\/www.argentinaase.org\/pt\/author\/aseargentina\/"}]}},"_links":{"self":[{"href":"https:\/\/www.argentinaase.org\/pt\/wp-json\/wp\/v2\/posts\/1314","targetHints":{"allow":["GET"]}}],"collection":[{"href":"https:\/\/www.argentinaase.org\/pt\/wp-json\/wp\/v2\/posts"}],"about":[{"href":"https:\/\/www.argentinaase.org\/pt\/wp-json\/wp\/v2\/types\/post"}],"author":[{"embeddable":true,"href":"https:\/\/www.argentinaase.org\/pt\/wp-json\/wp\/v2\/users\/1"}],"replies":[{"embeddable":true,"href":"https:\/\/www.argentinaase.org\/pt\/wp-json\/wp\/v2\/comments?post=1314"}],"version-history":[{"count":2,"href":"https:\/\/www.argentinaase.org\/pt\/wp-json\/wp\/v2\/posts\/1314\/revisions"}],"predecessor-version":[{"id":1318,"href":"https:\/\/www.argentinaase.org\/pt\/wp-json\/wp\/v2\/posts\/1314\/revisions\/1318"}],"wp:featuredmedia":[{"embeddable":true,"href":"https:\/\/www.argentinaase.org\/pt\/wp-json\/wp\/v2\/media\/1317"}],"wp:attachment":[{"href":"https:\/\/www.argentinaase.org\/pt\/wp-json\/wp\/v2\/media?parent=1314"}],"wp:term":[{"taxonomy":"category","embeddable":true,"href":"https:\/\/www.argentinaase.org\/pt\/wp-json\/wp\/v2\/categories?post=1314"},{"taxonomy":"post_tag","embeddable":true,"href":"https:\/\/www.argentinaase.org\/pt\/wp-json\/wp\/v2\/tags?post=1314"}],"curies":[{"name":"wp","href":"https:\/\/api.w.org\/{rel}","templated":true}]}}