{"id":647,"date":"2024-02-10T15:16:53","date_gmt":"2024-02-10T18:16:53","guid":{"rendered":"https:\/\/www.argentinaase.org\/nuevo\/?p=647"},"modified":"2024-04-15T15:37:44","modified_gmt":"2024-04-15T18:37:44","slug":"un-estudio-revela-las-posibles-causas-de-las-altas-temperaturas-en-los-oceanos","status":"publish","type":"post","link":"https:\/\/www.argentinaase.org\/pt\/un-estudio-revela-las-posibles-causas-de-las-altas-temperaturas-en-los-oceanos\/","title":{"rendered":"Un estudio revela las posibles causas de las altas temperaturas en los oc\u00e9anos"},"content":{"rendered":"<p><span style=\"font-weight: 400;\">Un estudio reciente publicado en el Bolet\u00edn de la Sociedad Meteorol\u00f3gica Estadounidense se\u00f1ala que el desequilibrio energ\u00e9tico de la Tierra es el factor determinante en las temperaturas extremas de los oc\u00e9anos. Las temperaturas r\u00e9cord observadas en 2023 podr\u00edan convertirse en la norma si el mundo experimenta un aumento de 3\u00b0C respecto a los niveles preindustriales.<\/span><\/p>\n<p><span style=\"font-weight: 400;\">A partir de marzo de 2023, el Atl\u00e1ntico Norte registr\u00f3 temperaturas excepcionalmente c\u00e1lidas, superando en 1,4\u00b0C el promedio del per\u00edodo 1982-2011 para agosto de ese a\u00f1o. Este incremento t\u00e9rmico sin precedentes ha generado preocupaci\u00f3n entre los cient\u00edficos, quienes han advertido sobre posibles consecuencias si el calentamiento global alcanza los 3\u00b0C.<\/span><\/p>\n<p><span style=\"font-weight: 400;\">El estudio se\u00f1ala que el desequilibrio energ\u00e9tico de la Tierra, causado principalmente por los gases de efecto invernadero de origen humano, est\u00e1 impulsando el calentamiento de los oc\u00e9anos. Desde 2016, el Atl\u00e1ntico Norte se ha calentado m\u00e1s r\u00e1pido que otras cuencas oce\u00e1nicas, coincidiendo con niveles r\u00e9cord de hielo marino en el Oc\u00e9ano Austral y una disminuci\u00f3n significativa en la capa de hielo marino alrededor de la Ant\u00e1rtida en 2023.<\/span><\/p>\n<p><span style=\"font-weight: 400;\">Los investigadores enfatizan la necesidad de comprender mejor c\u00f3mo el r\u00e1pido calentamiento del Atl\u00e1ntico afecta la capa de hielo marino para informar pol\u00edticas de mitigaci\u00f3n y adaptaci\u00f3n efectivas frente al cambio clim\u00e1tico global. Esta comprensi\u00f3n permitir\u00e1 mejorar la precisi\u00f3n de los modelos clim\u00e1ticos y promover medidas de resiliencia en todo el mundo.<\/span><\/p>\n<p><span style=\"font-weight: 400;\">Fuente: EUROPA PRESS &#8211; <\/span><a href=\"http:\/\/www.europapress.es\"><span style=\"font-weight: 400;\">www.europapress.es<\/span><\/a><span style=\"font-weight: 400;\">\u00a0<\/span><\/p>","protected":false},"excerpt":{"rendered":"<p>Un estudio reciente publicado en el Bolet\u00edn de la Sociedad [&hellip;]<\/p>","protected":false},"author":1,"featured_media":677,"comment_status":"open","ping_status":"open","sticky":false,"template":"","format":"standard","meta":{"footnotes":""},"categories":[9],"tags":[],"class_list":["post-647","post","type-post","status-publish","format-standard","has-post-thumbnail","hentry","category-agenda-global"],"yoast_head":"<!-- This site is optimized with the Yoast SEO plugin v22.4 - https:\/\/yoast.com\/wordpress\/plugins\/seo\/ -->\n<title>Un estudio revela las posibles causas de las altas temperaturas en los oc\u00e9anos &#183; Fundaci\u00f3n Argentina ASE<\/title>\n<meta name=\"robots\" content=\"index, follow, max-snippet:-1, max-image-preview:large, max-video-preview:-1\" \/>\n<link rel=\"canonical\" href=\"https:\/\/www.argentinaase.org\/pt\/un-estudio-revela-las-posibles-causas-de-las-altas-temperaturas-en-los-oceanos\/\" \/>\n<meta property=\"og:locale\" content=\"pt_BR\" \/>\n<meta property=\"og:type\" content=\"article\" \/>\n<meta property=\"og:title\" content=\"Un estudio revela las posibles causas de las altas temperaturas en los oc\u00e9anos &#183; Fundaci\u00f3n Argentina ASE\" \/>\n<meta property=\"og:description\" content=\"Un estudio reciente publicado en el Bolet\u00edn de la Sociedad [&hellip;]\" \/>\n<meta property=\"og:url\" content=\"https:\/\/www.argentinaase.org\/pt\/un-estudio-revela-las-posibles-causas-de-las-altas-temperaturas-en-los-oceanos\/\" \/>\n<meta property=\"og:site_name\" content=\"Fundaci\u00f3n Argentina ASE\" \/>\n<meta property=\"article:publisher\" content=\"https:\/\/www.facebook.com\/ArgentinaASE\" \/>\n<meta property=\"article:published_time\" content=\"2024-02-10T18:16:53+00:00\" \/>\n<meta property=\"article:modified_time\" content=\"2024-04-15T18:37:44+00:00\" \/>\n<meta property=\"og:image\" content=\"https:\/\/www.argentinaase.org\/wp-content\/uploads\/2024\/04\/actualidad_14508890_128650574_1706x960.jpg\" \/>\n\t<meta property=\"og:image:width\" content=\"1706\" \/>\n\t<meta property=\"og:image:height\" content=\"960\" \/>\n\t<meta property=\"og:image:type\" content=\"image\/jpeg\" \/>\n<meta name=\"author\" content=\"aseargentina\" \/>\n<meta name=\"twitter:card\" content=\"summary_large_image\" \/>\n<meta name=\"twitter:creator\" content=\"@argentinaase\" \/>\n<meta name=\"twitter:site\" content=\"@argentinaase\" \/>\n<meta name=\"twitter:label1\" content=\"Escrito por\" \/>\n\t<meta name=\"twitter:data1\" content=\"aseargentina\" \/>\n\t<meta name=\"twitter:label2\" content=\"Est. tempo de leitura\" \/>\n\t<meta name=\"twitter:data2\" content=\"2 minutos\" \/>\n<script type=\"application\/ld+json\" class=\"yoast-schema-graph\">{\"@context\":\"https:\/\/schema.org\",\"@graph\":[{\"@type\":\"Article\",\"@id\":\"https:\/\/www.argentinaase.org\/un-estudio-revela-las-posibles-causas-de-las-altas-temperaturas-en-los-oceanos\/#article\",\"isPartOf\":{\"@id\":\"https:\/\/www.argentinaase.org\/un-estudio-revela-las-posibles-causas-de-las-altas-temperaturas-en-los-oceanos\/\"},\"author\":{\"name\":\"aseargentina\",\"@id\":\"https:\/\/www.argentinaase.org\/#\/schema\/person\/cbda0a43b040d943892c4c75f4dbeb2e\"},\"headline\":\"Un estudio revela las posibles causas de las altas temperaturas en los oc\u00e9anos\",\"datePublished\":\"2024-02-10T18:16:53+00:00\",\"dateModified\":\"2024-04-15T18:37:44+00:00\",\"mainEntityOfPage\":{\"@id\":\"https:\/\/www.argentinaase.org\/un-estudio-revela-las-posibles-causas-de-las-altas-temperaturas-en-los-oceanos\/\"},\"wordCount\":278,\"commentCount\":0,\"publisher\":{\"@id\":\"https:\/\/www.argentinaase.org\/#organization\"},\"image\":{\"@id\":\"https:\/\/www.argentinaase.org\/un-estudio-revela-las-posibles-causas-de-las-altas-temperaturas-en-los-oceanos\/#primaryimage\"},\"thumbnailUrl\":\"https:\/\/www.argentinaase.org\/wp-content\/uploads\/2024\/04\/actualidad_14508890_128650574_1706x960.jpg\",\"articleSection\":[\"Agenda global\"],\"inLanguage\":\"pt-BR\",\"potentialAction\":[{\"@type\":\"CommentAction\",\"name\":\"Comment\",\"target\":[\"https:\/\/www.argentinaase.org\/un-estudio-revela-las-posibles-causas-de-las-altas-temperaturas-en-los-oceanos\/#respond\"]}]},{\"@type\":\"WebPage\",\"@id\":\"https:\/\/www.argentinaase.org\/un-estudio-revela-las-posibles-causas-de-las-altas-temperaturas-en-los-oceanos\/\",\"url\":\"https:\/\/www.argentinaase.org\/un-estudio-revela-las-posibles-causas-de-las-altas-temperaturas-en-los-oceanos\/\",\"name\":\"Un estudio revela las posibles causas de las altas temperaturas en los oc\u00e9anos &#183; Fundaci\u00f3n Argentina ASE\",\"isPartOf\":{\"@id\":\"https:\/\/www.argentinaase.org\/#website\"},\"primaryImageOfPage\":{\"@id\":\"https:\/\/www.argentinaase.org\/un-estudio-revela-las-posibles-causas-de-las-altas-temperaturas-en-los-oceanos\/#primaryimage\"},\"image\":{\"@id\":\"https:\/\/www.argentinaase.org\/un-estudio-revela-las-posibles-causas-de-las-altas-temperaturas-en-los-oceanos\/#primaryimage\"},\"thumbnailUrl\":\"https:\/\/www.argentinaase.org\/wp-content\/uploads\/2024\/04\/actualidad_14508890_128650574_1706x960.jpg\",\"datePublished\":\"2024-02-10T18:16:53+00:00\",\"dateModified\":\"2024-04-15T18:37:44+00:00\",\"breadcrumb\":{\"@id\":\"https:\/\/www.argentinaase.org\/un-estudio-revela-las-posibles-causas-de-las-altas-temperaturas-en-los-oceanos\/#breadcrumb\"},\"inLanguage\":\"pt-BR\",\"potentialAction\":[{\"@type\":\"ReadAction\",\"target\":[\"https:\/\/www.argentinaase.org\/un-estudio-revela-las-posibles-causas-de-las-altas-temperaturas-en-los-oceanos\/\"]}]},{\"@type\":\"ImageObject\",\"inLanguage\":\"pt-BR\",\"@id\":\"https:\/\/www.argentinaase.org\/un-estudio-revela-las-posibles-causas-de-las-altas-temperaturas-en-los-oceanos\/#primaryimage\",\"url\":\"https:\/\/www.argentinaase.org\/wp-content\/uploads\/2024\/04\/actualidad_14508890_128650574_1706x960.jpg\",\"contentUrl\":\"https:\/\/www.argentinaase.org\/wp-content\/uploads\/2024\/04\/actualidad_14508890_128650574_1706x960.jpg\",\"width\":1706,\"height\":960},{\"@type\":\"BreadcrumbList\",\"@id\":\"https:\/\/www.argentinaase.org\/un-estudio-revela-las-posibles-causas-de-las-altas-temperaturas-en-los-oceanos\/#breadcrumb\",\"itemListElement\":[{\"@type\":\"ListItem\",\"position\":1,\"name\":\"Inicio\",\"item\":\"https:\/\/www.argentinaase.org\/\"},{\"@type\":\"ListItem\",\"position\":2,\"name\":\"Un estudio revela las posibles causas de las altas temperaturas en los oc\u00e9anos\"}]},{\"@type\":\"WebSite\",\"@id\":\"https:\/\/www.argentinaase.org\/#website\",\"url\":\"https:\/\/www.argentinaase.org\/\",\"name\":\"Fundaci\u00f3n Argentina ASE\",\"description\":\"\",\"publisher\":{\"@id\":\"https:\/\/www.argentinaase.org\/#organization\"},\"potentialAction\":[{\"@type\":\"SearchAction\",\"target\":{\"@type\":\"EntryPoint\",\"urlTemplate\":\"https:\/\/www.argentinaase.org\/?s={search_term_string}\"},\"query-input\":\"required name=search_term_string\"}],\"inLanguage\":\"pt-BR\"},{\"@type\":\"Organization\",\"@id\":\"https:\/\/www.argentinaase.org\/#organization\",\"name\":\"Fundaci\u00f3n Argentina ASE\",\"url\":\"https:\/\/www.argentinaase.org\/\",\"logo\":{\"@type\":\"ImageObject\",\"inLanguage\":\"pt-BR\",\"@id\":\"https:\/\/www.argentinaase.org\/#\/schema\/logo\/image\/\",\"url\":\"https:\/\/www.argentinaase.org\/wp-content\/uploads\/2024\/04\/ASE_Logo-02-scaled.jpg\",\"contentUrl\":\"https:\/\/www.argentinaase.org\/wp-content\/uploads\/2024\/04\/ASE_Logo-02-scaled.jpg\",\"width\":2560,\"height\":1280,\"caption\":\"Fundaci\u00f3n Argentina ASE\"},\"image\":{\"@id\":\"https:\/\/www.argentinaase.org\/#\/schema\/logo\/image\/\"},\"sameAs\":[\"https:\/\/www.facebook.com\/ArgentinaASE\",\"https:\/\/twitter.com\/argentinaase\",\"https:\/\/www.instagram.com\/argentinaase\/\",\"https:\/\/www.linkedin.com\/company\/52172641\/\"]},{\"@type\":\"Person\",\"@id\":\"https:\/\/www.argentinaase.org\/#\/schema\/person\/cbda0a43b040d943892c4c75f4dbeb2e\",\"name\":\"aseargentina\",\"image\":{\"@type\":\"ImageObject\",\"inLanguage\":\"pt-BR\",\"@id\":\"https:\/\/www.argentinaase.org\/#\/schema\/person\/image\/\",\"url\":\"https:\/\/secure.gravatar.com\/avatar\/8c847226af3602ab809bbcff472aa08dd2f6cad3bb9641e74bf964f64fc59669?s=96&d=mm&r=g\",\"contentUrl\":\"https:\/\/secure.gravatar.com\/avatar\/8c847226af3602ab809bbcff472aa08dd2f6cad3bb9641e74bf964f64fc59669?s=96&d=mm&r=g\",\"caption\":\"aseargentina\"},\"sameAs\":[\"https:\/\/www.argentinaase.org\"],\"url\":\"https:\/\/www.argentinaase.org\/pt\/author\/aseargentina\/\"}]}<\/script>\n<!-- \/ Yoast SEO plugin. -->","yoast_head_json":{"title":"Un estudio revela las posibles causas de las altas temperaturas en los oc\u00e9anos &#183; Fundaci\u00f3n Argentina ASE","robots":{"index":"index","follow":"follow","max-snippet":"max-snippet:-1","max-image-preview":"max-image-preview:large","max-video-preview":"max-video-preview:-1"},"canonical":"https:\/\/www.argentinaase.org\/pt\/un-estudio-revela-las-posibles-causas-de-las-altas-temperaturas-en-los-oceanos\/","og_locale":"pt_BR","og_type":"article","og_title":"Un estudio revela las posibles causas de las altas temperaturas en los oc\u00e9anos &#183; Fundaci\u00f3n Argentina ASE","og_description":"Un estudio reciente publicado en el Bolet\u00edn de la Sociedad [&hellip;]","og_url":"https:\/\/www.argentinaase.org\/pt\/un-estudio-revela-las-posibles-causas-de-las-altas-temperaturas-en-los-oceanos\/","og_site_name":"Fundaci\u00f3n Argentina ASE","article_publisher":"https:\/\/www.facebook.com\/ArgentinaASE","article_published_time":"2024-02-10T18:16:53+00:00","article_modified_time":"2024-04-15T18:37:44+00:00","og_image":[{"width":1706,"height":960,"url":"https:\/\/www.argentinaase.org\/wp-content\/uploads\/2024\/04\/actualidad_14508890_128650574_1706x960.jpg","type":"image\/jpeg"}],"author":"aseargentina","twitter_card":"summary_large_image","twitter_creator":"@argentinaase","twitter_site":"@argentinaase","twitter_misc":{"Escrito por":"aseargentina","Est. tempo de leitura":"2 minutos"},"schema":{"@context":"https:\/\/schema.org","@graph":[{"@type":"Article","@id":"https:\/\/www.argentinaase.org\/un-estudio-revela-las-posibles-causas-de-las-altas-temperaturas-en-los-oceanos\/#article","isPartOf":{"@id":"https:\/\/www.argentinaase.org\/un-estudio-revela-las-posibles-causas-de-las-altas-temperaturas-en-los-oceanos\/"},"author":{"name":"aseargentina","@id":"https:\/\/www.argentinaase.org\/#\/schema\/person\/cbda0a43b040d943892c4c75f4dbeb2e"},"headline":"Un estudio revela las posibles causas de las altas temperaturas en los oc\u00e9anos","datePublished":"2024-02-10T18:16:53+00:00","dateModified":"2024-04-15T18:37:44+00:00","mainEntityOfPage":{"@id":"https:\/\/www.argentinaase.org\/un-estudio-revela-las-posibles-causas-de-las-altas-temperaturas-en-los-oceanos\/"},"wordCount":278,"commentCount":0,"publisher":{"@id":"https:\/\/www.argentinaase.org\/#organization"},"image":{"@id":"https:\/\/www.argentinaase.org\/un-estudio-revela-las-posibles-causas-de-las-altas-temperaturas-en-los-oceanos\/#primaryimage"},"thumbnailUrl":"https:\/\/www.argentinaase.org\/wp-content\/uploads\/2024\/04\/actualidad_14508890_128650574_1706x960.jpg","articleSection":["Agenda global"],"inLanguage":"pt-BR","potentialAction":[{"@type":"CommentAction","name":"Comment","target":["https:\/\/www.argentinaase.org\/un-estudio-revela-las-posibles-causas-de-las-altas-temperaturas-en-los-oceanos\/#respond"]}]},{"@type":"WebPage","@id":"https:\/\/www.argentinaase.org\/un-estudio-revela-las-posibles-causas-de-las-altas-temperaturas-en-los-oceanos\/","url":"https:\/\/www.argentinaase.org\/un-estudio-revela-las-posibles-causas-de-las-altas-temperaturas-en-los-oceanos\/","name":"Un estudio revela las posibles causas de las altas temperaturas en los oc\u00e9anos &#183; Fundaci\u00f3n Argentina ASE","isPartOf":{"@id":"https:\/\/www.argentinaase.org\/#website"},"primaryImageOfPage":{"@id":"https:\/\/www.argentinaase.org\/un-estudio-revela-las-posibles-causas-de-las-altas-temperaturas-en-los-oceanos\/#primaryimage"},"image":{"@id":"https:\/\/www.argentinaase.org\/un-estudio-revela-las-posibles-causas-de-las-altas-temperaturas-en-los-oceanos\/#primaryimage"},"thumbnailUrl":"https:\/\/www.argentinaase.org\/wp-content\/uploads\/2024\/04\/actualidad_14508890_128650574_1706x960.jpg","datePublished":"2024-02-10T18:16:53+00:00","dateModified":"2024-04-15T18:37:44+00:00","breadcrumb":{"@id":"https:\/\/www.argentinaase.org\/un-estudio-revela-las-posibles-causas-de-las-altas-temperaturas-en-los-oceanos\/#breadcrumb"},"inLanguage":"pt-BR","potentialAction":[{"@type":"ReadAction","target":["https:\/\/www.argentinaase.org\/un-estudio-revela-las-posibles-causas-de-las-altas-temperaturas-en-los-oceanos\/"]}]},{"@type":"ImageObject","inLanguage":"pt-BR","@id":"https:\/\/www.argentinaase.org\/un-estudio-revela-las-posibles-causas-de-las-altas-temperaturas-en-los-oceanos\/#primaryimage","url":"https:\/\/www.argentinaase.org\/wp-content\/uploads\/2024\/04\/actualidad_14508890_128650574_1706x960.jpg","contentUrl":"https:\/\/www.argentinaase.org\/wp-content\/uploads\/2024\/04\/actualidad_14508890_128650574_1706x960.jpg","width":1706,"height":960},{"@type":"BreadcrumbList","@id":"https:\/\/www.argentinaase.org\/un-estudio-revela-las-posibles-causas-de-las-altas-temperaturas-en-los-oceanos\/#breadcrumb","itemListElement":[{"@type":"ListItem","position":1,"name":"Inicio","item":"https:\/\/www.argentinaase.org\/"},{"@type":"ListItem","position":2,"name":"Un estudio revela las posibles causas de las altas temperaturas en los oc\u00e9anos"}]},{"@type":"WebSite","@id":"https:\/\/www.argentinaase.org\/#website","url":"https:\/\/www.argentinaase.org\/","name":"Fundaci\u00f3n Argentina ASE","description":"","publisher":{"@id":"https:\/\/www.argentinaase.org\/#organization"},"potentialAction":[{"@type":"SearchAction","target":{"@type":"EntryPoint","urlTemplate":"https:\/\/www.argentinaase.org\/?s={search_term_string}"},"query-input":"required name=search_term_string"}],"inLanguage":"pt-BR"},{"@type":"Organization","@id":"https:\/\/www.argentinaase.org\/#organization","name":"Fundaci\u00f3n Argentina ASE","url":"https:\/\/www.argentinaase.org\/","logo":{"@type":"ImageObject","inLanguage":"pt-BR","@id":"https:\/\/www.argentinaase.org\/#\/schema\/logo\/image\/","url":"https:\/\/www.argentinaase.org\/wp-content\/uploads\/2024\/04\/ASE_Logo-02-scaled.jpg","contentUrl":"https:\/\/www.argentinaase.org\/wp-content\/uploads\/2024\/04\/ASE_Logo-02-scaled.jpg","width":2560,"height":1280,"caption":"Fundaci\u00f3n Argentina ASE"},"image":{"@id":"https:\/\/www.argentinaase.org\/#\/schema\/logo\/image\/"},"sameAs":["https:\/\/www.facebook.com\/ArgentinaASE","https:\/\/twitter.com\/argentinaase","https:\/\/www.instagram.com\/argentinaase\/","https:\/\/www.linkedin.com\/company\/52172641\/"]},{"@type":"Person","@id":"https:\/\/www.argentinaase.org\/#\/schema\/person\/cbda0a43b040d943892c4c75f4dbeb2e","name":"aseargentina","image":{"@type":"ImageObject","inLanguage":"pt-BR","@id":"https:\/\/www.argentinaase.org\/#\/schema\/person\/image\/","url":"https:\/\/secure.gravatar.com\/avatar\/8c847226af3602ab809bbcff472aa08dd2f6cad3bb9641e74bf964f64fc59669?s=96&d=mm&r=g","contentUrl":"https:\/\/secure.gravatar.com\/avatar\/8c847226af3602ab809bbcff472aa08dd2f6cad3bb9641e74bf964f64fc59669?s=96&d=mm&r=g","caption":"aseargentina"},"sameAs":["https:\/\/www.argentinaase.org"],"url":"https:\/\/www.argentinaase.org\/pt\/author\/aseargentina\/"}]}},"_links":{"self":[{"href":"https:\/\/www.argentinaase.org\/pt\/wp-json\/wp\/v2\/posts\/647","targetHints":{"allow":["GET"]}}],"collection":[{"href":"https:\/\/www.argentinaase.org\/pt\/wp-json\/wp\/v2\/posts"}],"about":[{"href":"https:\/\/www.argentinaase.org\/pt\/wp-json\/wp\/v2\/types\/post"}],"author":[{"embeddable":true,"href":"https:\/\/www.argentinaase.org\/pt\/wp-json\/wp\/v2\/users\/1"}],"replies":[{"embeddable":true,"href":"https:\/\/www.argentinaase.org\/pt\/wp-json\/wp\/v2\/comments?post=647"}],"version-history":[{"count":1,"href":"https:\/\/www.argentinaase.org\/pt\/wp-json\/wp\/v2\/posts\/647\/revisions"}],"predecessor-version":[{"id":648,"href":"https:\/\/www.argentinaase.org\/pt\/wp-json\/wp\/v2\/posts\/647\/revisions\/648"}],"wp:featuredmedia":[{"embeddable":true,"href":"https:\/\/www.argentinaase.org\/pt\/wp-json\/wp\/v2\/media\/677"}],"wp:attachment":[{"href":"https:\/\/www.argentinaase.org\/pt\/wp-json\/wp\/v2\/media?parent=647"}],"wp:term":[{"taxonomy":"category","embeddable":true,"href":"https:\/\/www.argentinaase.org\/pt\/wp-json\/wp\/v2\/categories?post=647"},{"taxonomy":"post_tag","embeddable":true,"href":"https:\/\/www.argentinaase.org\/pt\/wp-json\/wp\/v2\/tags?post=647"}],"curies":[{"name":"wp","href":"https:\/\/api.w.org\/{rel}","templated":true}]}}